{"id":1157,"date":"2021-05-05T09:20:53","date_gmt":"2021-05-05T07:20:53","guid":{"rendered":"https:\/\/bournan.fr\/?p=1157"},"modified":"2021-05-05T09:20:53","modified_gmt":"2021-05-05T07:20:53","slug":"conseils-covid","status":"publish","type":"post","link":"https:\/\/bournan.fr\/?p=1157","title":{"rendered":"Conseils COVID"},"content":{"rendered":"\n<div class=\"wp-block-columns is-layout-flex wp-container-core-columns-is-layout-9d6595d7 wp-block-columns-is-layout-flex\">\n<div class=\"wp-block-column is-layout-flow wp-block-column-is-layout-flow\">\n<figure class=\"wp-block-image size-large\"><img data-recalc-dims=\"1\" loading=\"lazy\" decoding=\"async\" width=\"685\" height=\"1024\" src=\"https:\/\/i0.wp.com\/bournan.fr\/wp-content\/uploads\/2021\/05\/AfficheCovid.jpg?resize=685%2C1024&#038;ssl=1\" alt=\"\" class=\"wp-image-1158\" srcset=\"https:\/\/i0.wp.com\/bournan.fr\/wp-content\/uploads\/2021\/05\/AfficheCovid-rotated.jpg?resize=685%2C1024&amp;ssl=1 685w, https:\/\/i0.wp.com\/bournan.fr\/wp-content\/uploads\/2021\/05\/AfficheCovid-rotated.jpg?resize=201%2C300&amp;ssl=1 201w, https:\/\/i0.wp.com\/bournan.fr\/wp-content\/uploads\/2021\/05\/AfficheCovid-rotated.jpg?resize=768%2C1147&amp;ssl=1 768w, https:\/\/i0.wp.com\/bournan.fr\/wp-content\/uploads\/2021\/05\/AfficheCovid-rotated.jpg?resize=1028%2C1536&amp;ssl=1 1028w, https:\/\/i0.wp.com\/bournan.fr\/wp-content\/uploads\/2021\/05\/AfficheCovid-rotated.jpg?w=1130&amp;ssl=1 1130w\" sizes=\"auto, (max-width: 685px) 100vw, 685px\" \/><\/figure>\n<\/div>\n\n\n\n<div class=\"wp-block-column is-layout-flow wp-block-column-is-layout-flow\">\n<pre class=\"wp-block-preformatted\">Le minist\u00e8re des solidarit\u00e9s et de la sant\u00e9 vous propose un nouveau site d'informations pour vous conseiller en mati\u00e8re de COVID.\n\nIl est disponible en cliquant sur le lien suivant : <a href=\"https:\/\/mesconseilscovid.sante.gouv.fr\/#introduction\" data-type=\"URL\" data-id=\"https:\/\/mesconseilscovid.sante.gouv.fr\/#introduction\">https:\/\/mesconseilscovid.sante.gouv.fr\/#introduction<\/a><\/pre>\n<\/div>\n<\/div>\n","protected":false},"excerpt":{"rendered":"<p>Le minist\u00e8re des solidarit\u00e9s et de la sant\u00e9 vous propose un nouveau site d&#8217;informations pour vous conseiller en mati\u00e8re de COVID. Il est disponible en cliquant sur le lien suivant : https:\/\/mesconseilscovid.sante.gouv.fr\/#introduction<\/p>\n","protected":false},"author":1,"featured_media":0,"comment_status":"closed","ping_status":"closed","sticky":false,"template":"","format":"standard","meta":{"ngg_post_thumbnail":0,"_jetpack_memberships_contains_paid_content":false,"footnotes":""},"categories":[5,12],"tags":[],"class_list":["post-1157","post","type-post","status-publish","format-standard","hentry","category-conseil-municipal","category-nouvelles"],"jetpack_sharing_enabled":true,"jetpack_featured_media_url":"","views":"","_links":{"self":[{"href":"https:\/\/bournan.fr\/index.php?rest_route=\/wp\/v2\/posts\/1157","targetHints":{"allow":["GET"]}}],"collection":[{"href":"https:\/\/bournan.fr\/index.php?rest_route=\/wp\/v2\/posts"}],"about":[{"href":"https:\/\/bournan.fr\/index.php?rest_route=\/wp\/v2\/types\/post"}],"author":[{"embeddable":true,"href":"https:\/\/bournan.fr\/index.php?rest_route=\/wp\/v2\/users\/1"}],"replies":[{"embeddable":true,"href":"https:\/\/bournan.fr\/index.php?rest_route=%2Fwp%2Fv2%2Fcomments&post=1157"}],"version-history":[{"count":1,"href":"https:\/\/bournan.fr\/index.php?rest_route=\/wp\/v2\/posts\/1157\/revisions"}],"predecessor-version":[{"id":1159,"href":"https:\/\/bournan.fr\/index.php?rest_route=\/wp\/v2\/posts\/1157\/revisions\/1159"}],"wp:attachment":[{"href":"https:\/\/bournan.fr\/index.php?rest_route=%2Fwp%2Fv2%2Fmedia&parent=1157"}],"wp:term":[{"taxonomy":"category","embeddable":true,"href":"https:\/\/bournan.fr\/index.php?rest_route=%2Fwp%2Fv2%2Fcategories&post=1157"},{"taxonomy":"post_tag","embeddable":true,"href":"https:\/\/bournan.fr\/index.php?rest_route=%2Fwp%2Fv2%2Ftags&post=1157"}],"curies":[{"name":"wp","href":"https:\/\/api.w.org\/{rel}","templated":true}]}}