{"id":1377,"date":"2021-10-15T09:25:35","date_gmt":"2021-10-15T07:25:35","guid":{"rendered":"https:\/\/bournan.fr\/?p=1377"},"modified":"2022-04-07T15:06:07","modified_gmt":"2022-04-07T13:06:07","slug":"visite-virtuelle-de-leglise-de-bournan","status":"publish","type":"post","link":"https:\/\/bournan.fr\/?p=1377","title":{"rendered":"Visite virtuelle de l&#8217;\u00e9glise de BOURNAN"},"content":{"rendered":"\n<div class=\"wp-block-columns is-layout-flex wp-container-core-columns-is-layout-9d6595d7 wp-block-columns-is-layout-flex\">\n<div class=\"wp-block-column is-layout-flow wp-block-column-is-layout-flow\">\n<figure style=\"width:600px;height:300px\" class=\"wp-block-algori-360-image-block-algori-360-image alignundefined\"><a-scene loading-screen=\"enabled: false;\" device-orientation-permission-ui=\"enabled: false\" embedded=\"\"><a-entity camera=\"\" look-controls=\"reverseMouseDrag: true\"><\/a-entity><a-sky src=\"https:\/\/bournan.fr\/wp-content\/uploads\/2021\/10\/360-Eglise-03-1-scaled.jpg\"><\/a-sky><\/a-scene><\/figure>\n\n\n\n<figure style=\"width:600px;height:300px\" class=\"wp-block-algori-360-image-block-algori-360-image alignundefined\"><a-scene loading-screen=\"enabled: false;\" device-orientation-permission-ui=\"enabled: false\" embedded=\"\"><a-entity camera=\"\" look-controls=\"reverseMouseDrag: true\"><\/a-entity><a-sky src=\"https:\/\/bournan.fr\/wp-content\/uploads\/2021\/10\/360-Eglise-01-scaled.jpg\"><\/a-sky><\/a-scene><\/figure>\n\n\n\n<p><\/p>\n<\/div>\n\n\n\n<div class=\"wp-block-column is-layout-flow wp-block-column-is-layout-flow\">\n<pre class=\"wp-block-preformatted\">L'\u00e9quipe municipale, apr\u00e8s avoir mis en s\u00e9curit\u00e9 les cloches, d\u00e9bute une r\u00e9flexion sur une \u00e9ventuelle restauration du b\u00e2timent.\n\nDepuis de nombreuses ann\u00e9es d\u00e9j\u00e0, les cloches se sont tues. En cause, l'\u00e9tat d\u00e9plorable du clocher et du campanile qui nous laissent penser qu'un effondrement induit par les vibrations est possible !\n\nEn fait, l'ensemble du b\u00e2timent est dans un \u00e9tat pr\u00e9occupant.\n\nPour le moment, notre objectif est de nous entourer de personnes comp\u00e9tentes susceptibles de nous aider \u00e0 faire un \u00e9tat des lieux puis \u00e0 d\u00e9finir les travaux n\u00e9cessaires \u00e0 une mise en s\u00e9curit\u00e9 du b\u00e2timent suivie d'une \u00e9ventuelle restauration plus compl\u00e8te. \n\nL'\u00e9tape suivante sera l'estimation du budget n\u00e9cessaire \u00e0 la r\u00e9alisation des travaux. Enfin, les travaux d\u00e9buteront si, et seulement si, nous parvenons \u00e0 rassembler suffisamment d'argent sous forme de subventions, donations ou autres formes de partenariats culturels.\n\nC'est pour enclencher ce long processus que le 20 Octobre 2021, des experts du Conservatoire R\u00e9gional des Monuments Historiques (CRMH) et du Conseil en Architecture, Urbanisme et Environnement de Tours (CAUE 37) viennent au chevet de St Martin de Bournan.<\/pre>\n\n\n\n<pre class=\"wp-block-preformatted\">En attendant que notre \u00e9glise soit r\u00e9par\u00e9e, nous vous proposons une petite visite virtuelle de l'\u00e9difice. Il vous suffit de cliquer sur VR pour passer en mode plein \u00e9cran, puis de maintenir le clique sur un point de l'image tout en faisant bouger la souris (comme avec Google street  view)\n\nLes photos 360\u00b0 ont \u00e9t\u00e9 prises en septembre 2021\n\n<strong>A vous de jouer<\/strong><\/pre>\n<\/div>\n<\/div>\n\n\n\n<figure style=\"width:600px;height:300px\" class=\"wp-block-algori-360-image-block-algori-360-image alignundefined\"><a-scene loading-screen=\"enabled: false;\" device-orientation-permission-ui=\"enabled: false\" embedded=\"\"><a-entity camera=\"\" look-controls=\"reverseMouseDrag: true\"><\/a-entity><a-sky src=\"https:\/\/bournan.fr\/wp-content\/uploads\/2021\/10\/360-Eglise-02-scaled.jpg\"><\/a-sky><\/a-scene><\/figure>\n\n\n\n<figure style=\"width:600px;height:300px\" class=\"wp-block-algori-360-image-block-algori-360-image alignundefined\"><a-scene loading-screen=\"enabled: false;\" device-orientation-permission-ui=\"enabled: false\" embedded=\"\"><a-entity camera=\"\" look-controls=\"reverseMouseDrag: true\"><\/a-entity><a-sky src=\"https:\/\/bournan.fr\/wp-content\/uploads\/2021\/10\/Eglise-photo_pano-05-scaled.jpg\"><\/a-sky><\/a-scene><\/figure>\n","protected":false},"excerpt":{"rendered":"<p>L&#8217;\u00e9quipe municipale, apr\u00e8s avoir mis en s\u00e9curit\u00e9 les cloches, d\u00e9bute une r\u00e9flexion sur une \u00e9ventuelle restauration du b\u00e2timent. Depuis de nombreuses ann\u00e9es d\u00e9j\u00e0, les cloches se sont tues. En cause, l&#8217;\u00e9tat d\u00e9plorable du clocher et du campanile qui nous laissent penser qu&#8217;un effondrement induit par les vibrations est possible ! En fait, l&#8217;ensemble du b\u00e2timent &#8230; <a title=\"Visite virtuelle de l&#8217;\u00e9glise de BOURNAN\" class=\"read-more\" href=\"https:\/\/bournan.fr\/?p=1377\" aria-label=\"En savoir plus sur Visite virtuelle de l&#8217;\u00e9glise de BOURNAN\">Lire la suite<\/a><\/p>\n","protected":false},"author":1,"featured_media":0,"comment_status":"open","ping_status":"open","sticky":false,"template":"","format":"standard","meta":{"ngg_post_thumbnail":0,"_jetpack_memberships_contains_paid_content":false,"footnotes":""},"categories":[16,7,9],"tags":[],"class_list":["post-1377","post","type-post","status-publish","format-standard","hentry","category-eglise","category-histoire","category-patrimoine"],"jetpack_sharing_enabled":true,"jetpack_featured_media_url":"","views":"","_links":{"self":[{"href":"https:\/\/bournan.fr\/index.php?rest_route=\/wp\/v2\/posts\/1377","targetHints":{"allow":["GET"]}}],"collection":[{"href":"https:\/\/bournan.fr\/index.php?rest_route=\/wp\/v2\/posts"}],"about":[{"href":"https:\/\/bournan.fr\/index.php?rest_route=\/wp\/v2\/types\/post"}],"author":[{"embeddable":true,"href":"https:\/\/bournan.fr\/index.php?rest_route=\/wp\/v2\/users\/1"}],"replies":[{"embeddable":true,"href":"https:\/\/bournan.fr\/index.php?rest_route=%2Fwp%2Fv2%2Fcomments&post=1377"}],"version-history":[{"count":9,"href":"https:\/\/bournan.fr\/index.php?rest_route=\/wp\/v2\/posts\/1377\/revisions"}],"predecessor-version":[{"id":1421,"href":"https:\/\/bournan.fr\/index.php?rest_route=\/wp\/v2\/posts\/1377\/revisions\/1421"}],"wp:attachment":[{"href":"https:\/\/bournan.fr\/index.php?rest_route=%2Fwp%2Fv2%2Fmedia&parent=1377"}],"wp:term":[{"taxonomy":"category","embeddable":true,"href":"https:\/\/bournan.fr\/index.php?rest_route=%2Fwp%2Fv2%2Fcategories&post=1377"},{"taxonomy":"post_tag","embeddable":true,"href":"https:\/\/bournan.fr\/index.php?rest_route=%2Fwp%2Fv2%2Ftags&post=1377"}],"curies":[{"name":"wp","href":"https:\/\/api.w.org\/{rel}","templated":true}]}}