{"id":1508,"date":"2021-12-17T16:34:35","date_gmt":"2021-12-17T15:34:35","guid":{"rendered":"https:\/\/bournan.fr\/?p=1508"},"modified":"2021-12-17T16:34:36","modified_gmt":"2021-12-17T15:34:36","slug":"conseil-municipal","status":"publish","type":"post","link":"https:\/\/bournan.fr\/?p=1508","title":{"rendered":"Conseil Municipal"},"content":{"rendered":"\n<div class=\"wp-block-columns is-layout-flex wp-container-core-columns-is-layout-9d6595d7 wp-block-columns-is-layout-flex\">\n<div class=\"wp-block-column is-layout-flow wp-block-column-is-layout-flow\">\n<pre class=\"wp-block-preformatted\">Le prochain conseil municipal se tiendra le 20 d\u00e9cembre 2021 \u00e0 19:00 dans la salle de la mairie.\n\nORDRE DU JOUR\n\n\u2022\tDM prog 227 \u00e9quipement num\u00e9rique \u00e9cole\n\u2022\tR\u00e8glement salle des associations\n\u2022\tGroupement de commande  travaux de voirie 2022\n\u2022\tAdh\u00e9sion service commun RGPD\t\n\u2022\tTravaux de voirie moulin de St Paul\n\u2022\tProjet r\u00e9novation \u00e9glise\n\u2022\tCourrier re\u00e7u\n\u2022\tQuestions diverses\n\nSi vous souhaitez y assister, vous serez les bienvenues.\nCompte tenu du contexte sanitaire, nous vous demanderons de respecter les gestes barri\u00e8res et, bien entendue, de porter un masque. Les places disponibles sont dans ce contexte limit\u00e9es. Merci de pr\u00e9venir en mairie.<\/pre>\n<\/div>\n\n\n\n<div class=\"wp-block-column is-layout-flow wp-block-column-is-layout-flow\">\n<figure class=\"wp-block-image size-full\"><img data-recalc-dims=\"1\" loading=\"lazy\" decoding=\"async\" width=\"1012\" height=\"575\" src=\"https:\/\/i0.wp.com\/bournan.fr\/wp-content\/uploads\/2021\/12\/Conseil-Municipal.jpg?resize=1012%2C575&#038;ssl=1\" alt=\"\" class=\"wp-image-1509\" srcset=\"https:\/\/i0.wp.com\/bournan.fr\/wp-content\/uploads\/2021\/12\/Conseil-Municipal.jpg?w=1012&amp;ssl=1 1012w, https:\/\/i0.wp.com\/bournan.fr\/wp-content\/uploads\/2021\/12\/Conseil-Municipal.jpg?resize=300%2C170&amp;ssl=1 300w, https:\/\/i0.wp.com\/bournan.fr\/wp-content\/uploads\/2021\/12\/Conseil-Municipal.jpg?resize=768%2C436&amp;ssl=1 768w\" sizes=\"auto, (max-width: 1012px) 100vw, 1012px\" \/><\/figure>\n<\/div>\n<\/div>\n\n\n\n<p><\/p>\n","protected":false},"excerpt":{"rendered":"<p>Le prochain conseil municipal se tiendra le 20 d\u00e9cembre 2021 \u00e0 19:00 dans la salle de la mairie. ORDRE DU JOUR \u2022 DM prog 227 \u00e9quipement num\u00e9rique \u00e9cole \u2022 R\u00e8glement salle des associations \u2022 Groupement de commande travaux de voirie 2022 \u2022 Adh\u00e9sion service commun RGPD \u2022 Travaux de voirie moulin de St Paul \u2022 &#8230; <a title=\"Conseil Municipal\" class=\"read-more\" href=\"https:\/\/bournan.fr\/?p=1508\" aria-label=\"En savoir plus sur Conseil Municipal\">Lire la suite<\/a><\/p>\n","protected":false},"author":1,"featured_media":0,"comment_status":"closed","ping_status":"closed","sticky":false,"template":"","format":"standard","meta":{"ngg_post_thumbnail":0,"_jetpack_memberships_contains_paid_content":false,"footnotes":""},"categories":[5,12,13],"tags":[],"class_list":["post-1508","post","type-post","status-publish","format-standard","hentry","category-conseil-municipal","category-nouvelles","category-pratique"],"jetpack_sharing_enabled":true,"jetpack_featured_media_url":"","views":"","_links":{"self":[{"href":"https:\/\/bournan.fr\/index.php?rest_route=\/wp\/v2\/posts\/1508","targetHints":{"allow":["GET"]}}],"collection":[{"href":"https:\/\/bournan.fr\/index.php?rest_route=\/wp\/v2\/posts"}],"about":[{"href":"https:\/\/bournan.fr\/index.php?rest_route=\/wp\/v2\/types\/post"}],"author":[{"embeddable":true,"href":"https:\/\/bournan.fr\/index.php?rest_route=\/wp\/v2\/users\/1"}],"replies":[{"embeddable":true,"href":"https:\/\/bournan.fr\/index.php?rest_route=%2Fwp%2Fv2%2Fcomments&post=1508"}],"version-history":[{"count":1,"href":"https:\/\/bournan.fr\/index.php?rest_route=\/wp\/v2\/posts\/1508\/revisions"}],"predecessor-version":[{"id":1510,"href":"https:\/\/bournan.fr\/index.php?rest_route=\/wp\/v2\/posts\/1508\/revisions\/1510"}],"wp:attachment":[{"href":"https:\/\/bournan.fr\/index.php?rest_route=%2Fwp%2Fv2%2Fmedia&parent=1508"}],"wp:term":[{"taxonomy":"category","embeddable":true,"href":"https:\/\/bournan.fr\/index.php?rest_route=%2Fwp%2Fv2%2Fcategories&post=1508"},{"taxonomy":"post_tag","embeddable":true,"href":"https:\/\/bournan.fr\/index.php?rest_route=%2Fwp%2Fv2%2Ftags&post=1508"}],"curies":[{"name":"wp","href":"https:\/\/api.w.org\/{rel}","templated":true}]}}