{"id":2711,"date":"2023-05-24T08:52:04","date_gmt":"2023-05-24T06:52:04","guid":{"rendered":"https:\/\/bournan.fr\/?p=2711"},"modified":"2023-05-24T08:52:05","modified_gmt":"2023-05-24T06:52:05","slug":"la-guinguette-bournanaise","status":"publish","type":"post","link":"https:\/\/bournan.fr\/?p=2711","title":{"rendered":"La Guinguette Bournanaise"},"content":{"rendered":"\n<div class=\"wp-block-columns is-layout-flex wp-container-core-columns-is-layout-9d6595d7 wp-block-columns-is-layout-flex\">\n<div class=\"wp-block-column is-layout-flow wp-block-column-is-layout-flow\">\n<figure class=\"wp-block-image size-large\"><img data-recalc-dims=\"1\" loading=\"lazy\" decoding=\"async\" width=\"724\" height=\"1024\" src=\"https:\/\/i0.wp.com\/bournan.fr\/wp-content\/uploads\/2023\/05\/2023-Affiche-Guinguette-2.jpg?resize=724%2C1024&#038;ssl=1\" alt=\"\" class=\"wp-image-2712\" srcset=\"https:\/\/i0.wp.com\/bournan.fr\/wp-content\/uploads\/2023\/05\/2023-Affiche-Guinguette-2.jpg?resize=724%2C1024&amp;ssl=1 724w, https:\/\/i0.wp.com\/bournan.fr\/wp-content\/uploads\/2023\/05\/2023-Affiche-Guinguette-2.jpg?resize=212%2C300&amp;ssl=1 212w, https:\/\/i0.wp.com\/bournan.fr\/wp-content\/uploads\/2023\/05\/2023-Affiche-Guinguette-2.jpg?resize=768%2C1086&amp;ssl=1 768w, https:\/\/i0.wp.com\/bournan.fr\/wp-content\/uploads\/2023\/05\/2023-Affiche-Guinguette-2.jpg?resize=1086%2C1536&amp;ssl=1 1086w, https:\/\/i0.wp.com\/bournan.fr\/wp-content\/uploads\/2023\/05\/2023-Affiche-Guinguette-2.jpg?w=1448&amp;ssl=1 1448w\" sizes=\"auto, (max-width: 724px) 100vw, 724px\" \/><\/figure>\n<\/div>\n\n\n\n<div class=\"wp-block-column is-layout-flow wp-block-column-is-layout-flow\">\n<pre class=\"wp-block-preformatted\">R\u00e9servez cette date : Samedi, 10 juin 2023\nSoir\u00e9e dansante organis\u00e9e par Bournan &amp; Co\n\nAvec la pr\u00e9sence de L'orchestre DOMINIC ALLAN.\n\nSoir\u00e9e en plein air devant la salle des f\u00eates.\n\n\nVenez nombreux : Ambiance festive assur\u00e9e !\n <\/pre>\n<\/div>\n<\/div>\n","protected":false},"excerpt":{"rendered":"<p>R\u00e9servez cette date : Samedi, 10 juin 2023 Soir\u00e9e dansante organis\u00e9e par Bournan &amp; Co Avec la pr\u00e9sence de L&#8217;orchestre DOMINIC ALLAN. Soir\u00e9e en plein air devant la salle des f\u00eates. Venez nombreux : Ambiance festive assur\u00e9e !<\/p>\n","protected":false},"author":1,"featured_media":0,"comment_status":"closed","ping_status":"closed","sticky":false,"template":"","format":"standard","meta":{"ngg_post_thumbnail":0,"_jetpack_memberships_contains_paid_content":false,"footnotes":""},"categories":[11,14,12],"tags":[],"class_list":["post-2711","post","type-post","status-publish","format-standard","hentry","category-associations","category-evenements","category-nouvelles"],"jetpack_sharing_enabled":true,"jetpack_featured_media_url":"","views":"","_links":{"self":[{"href":"https:\/\/bournan.fr\/index.php?rest_route=\/wp\/v2\/posts\/2711","targetHints":{"allow":["GET"]}}],"collection":[{"href":"https:\/\/bournan.fr\/index.php?rest_route=\/wp\/v2\/posts"}],"about":[{"href":"https:\/\/bournan.fr\/index.php?rest_route=\/wp\/v2\/types\/post"}],"author":[{"embeddable":true,"href":"https:\/\/bournan.fr\/index.php?rest_route=\/wp\/v2\/users\/1"}],"replies":[{"embeddable":true,"href":"https:\/\/bournan.fr\/index.php?rest_route=%2Fwp%2Fv2%2Fcomments&post=2711"}],"version-history":[{"count":1,"href":"https:\/\/bournan.fr\/index.php?rest_route=\/wp\/v2\/posts\/2711\/revisions"}],"predecessor-version":[{"id":2713,"href":"https:\/\/bournan.fr\/index.php?rest_route=\/wp\/v2\/posts\/2711\/revisions\/2713"}],"wp:attachment":[{"href":"https:\/\/bournan.fr\/index.php?rest_route=%2Fwp%2Fv2%2Fmedia&parent=2711"}],"wp:term":[{"taxonomy":"category","embeddable":true,"href":"https:\/\/bournan.fr\/index.php?rest_route=%2Fwp%2Fv2%2Fcategories&post=2711"},{"taxonomy":"post_tag","embeddable":true,"href":"https:\/\/bournan.fr\/index.php?rest_route=%2Fwp%2Fv2%2Ftags&post=2711"}],"curies":[{"name":"wp","href":"https:\/\/api.w.org\/{rel}","templated":true}]}}