{"id":3893,"date":"2024-03-30T22:10:23","date_gmt":"2024-03-30T21:10:23","guid":{"rendered":"https:\/\/bournan.fr\/?p=3893"},"modified":"2024-03-30T22:32:50","modified_gmt":"2024-03-30T21:32:50","slug":"tous-en-coeur-pour-le-patrimoine","status":"publish","type":"post","link":"https:\/\/bournan.fr\/?p=3893","title":{"rendered":"TOUS EN C\u0152UR POUR LE PATRIMOINE"},"content":{"rendered":"\n<div class=\"wp-block-columns is-layout-flex wp-container-core-columns-is-layout-9d6595d7 wp-block-columns-is-layout-flex\">\n<div class=\"wp-block-column is-layout-flow wp-block-column-is-layout-flow\">\n<figure class=\"wp-block-image size-full\"><img data-recalc-dims=\"1\" loading=\"lazy\" decoding=\"async\" width=\"607\" height=\"250\" src=\"https:\/\/i0.wp.com\/bournan.fr\/wp-content\/uploads\/2024\/03\/image.png?resize=607%2C250&#038;ssl=1\" alt=\"\" class=\"wp-image-3894\" srcset=\"https:\/\/i0.wp.com\/bournan.fr\/wp-content\/uploads\/2024\/03\/image.png?w=607&amp;ssl=1 607w, https:\/\/i0.wp.com\/bournan.fr\/wp-content\/uploads\/2024\/03\/image.png?resize=300%2C124&amp;ssl=1 300w\" sizes=\"auto, (max-width: 607px) 100vw, 607px\" \/><\/figure>\n\n\n\n<pre class=\"wp-block-preformatted\">L\u2019Association <strong>TOUS EN COEUR POUR LE PATRIMOINE<\/strong> a pour but de regrouper un ensemble de choristes, r\u00e9unis pour le plaisir de chanter. L'association ont pour vocation de venir abonder les fonds n\u00e9cessaires \u00e0 la restauration du patrimoine local.\n\nLa chorale TOUS EN COEUR POUR LE PATRIMOINE rassemble aujourd\u2019hui 32 choristes (dont 8 enfants) issus de communes locales (Bournan, Manthelan, Boss\u00e9e, Vou, Ciran, Descartes, Ligueil, Sainte-Maure-de-Touraine, La Chapelle-Blanche-Saint-Martin, Sepmes, Mar\u00e7ay-sur-Esves et Civray-sur-Esves). Des r\u00e9p\u00e9titions ont lieu tous les mardis soir de 18H45 \u00e0 20H15.\n\nSTAGE \u00c9T\u00c9 CHANT CHORAL \u00e0 DRACH\u00c9 du 08 au 19 juillet 2024 (cf affiche) avec H\u00e9l\u00e8ne\n\nContact infos et inscriptions\n<strong><mark style=\"background-color:rgba(0, 0, 0, 0)\" class=\"has-inline-color has-vivid-red-color\">H\u00e9l\u00e8ne Verdi : 06 70 67 09 00<\/mark><\/strong>\n<\/pre>\n<\/div>\n\n\n\n<div class=\"wp-block-column is-layout-flow wp-block-column-is-layout-flow\">\n<figure class=\"wp-block-image size-large\"><img data-recalc-dims=\"1\" loading=\"lazy\" decoding=\"async\" width=\"738\" height=\"1024\" src=\"https:\/\/i0.wp.com\/bournan.fr\/wp-content\/uploads\/2024\/03\/2024-affiche-TECPP-01.jpg?resize=738%2C1024&#038;ssl=1\" alt=\"\" class=\"wp-image-3895\" srcset=\"https:\/\/i0.wp.com\/bournan.fr\/wp-content\/uploads\/2024\/03\/2024-affiche-TECPP-01.jpg?resize=738%2C1024&amp;ssl=1 738w, https:\/\/i0.wp.com\/bournan.fr\/wp-content\/uploads\/2024\/03\/2024-affiche-TECPP-01.jpg?resize=216%2C300&amp;ssl=1 216w, https:\/\/i0.wp.com\/bournan.fr\/wp-content\/uploads\/2024\/03\/2024-affiche-TECPP-01.jpg?resize=768%2C1065&amp;ssl=1 768w, https:\/\/i0.wp.com\/bournan.fr\/wp-content\/uploads\/2024\/03\/2024-affiche-TECPP-01.jpg?resize=1107%2C1536&amp;ssl=1 1107w, https:\/\/i0.wp.com\/bournan.fr\/wp-content\/uploads\/2024\/03\/2024-affiche-TECPP-01.jpg?resize=1476%2C2048&amp;ssl=1 1476w, https:\/\/i0.wp.com\/bournan.fr\/wp-content\/uploads\/2024\/03\/2024-affiche-TECPP-01.jpg?w=1635&amp;ssl=1 1635w\" sizes=\"auto, (max-width: 738px) 100vw, 738px\" \/><\/figure>\n<\/div>\n\n\n\n<div class=\"wp-block-column is-layout-flow wp-block-column-is-layout-flow\">\n<figure class=\"wp-block-image size-large\"><img data-recalc-dims=\"1\" loading=\"lazy\" decoding=\"async\" width=\"737\" height=\"1024\" src=\"https:\/\/i0.wp.com\/bournan.fr\/wp-content\/uploads\/2024\/03\/2024-affiche-TECPP-02.jpg?resize=737%2C1024&#038;ssl=1\" alt=\"\" class=\"wp-image-3896\" srcset=\"https:\/\/i0.wp.com\/bournan.fr\/wp-content\/uploads\/2024\/03\/2024-affiche-TECPP-02.jpg?resize=737%2C1024&amp;ssl=1 737w, https:\/\/i0.wp.com\/bournan.fr\/wp-content\/uploads\/2024\/03\/2024-affiche-TECPP-02.jpg?resize=216%2C300&amp;ssl=1 216w, https:\/\/i0.wp.com\/bournan.fr\/wp-content\/uploads\/2024\/03\/2024-affiche-TECPP-02.jpg?resize=768%2C1067&amp;ssl=1 768w, https:\/\/i0.wp.com\/bournan.fr\/wp-content\/uploads\/2024\/03\/2024-affiche-TECPP-02.jpg?resize=1105%2C1536&amp;ssl=1 1105w, https:\/\/i0.wp.com\/bournan.fr\/wp-content\/uploads\/2024\/03\/2024-affiche-TECPP-02.jpg?resize=1474%2C2048&amp;ssl=1 1474w, https:\/\/i0.wp.com\/bournan.fr\/wp-content\/uploads\/2024\/03\/2024-affiche-TECPP-02.jpg?w=1632&amp;ssl=1 1632w\" sizes=\"auto, (max-width: 737px) 100vw, 737px\" \/><\/figure>\n<\/div>\n<\/div>\n","protected":false},"excerpt":{"rendered":"<p>L\u2019Association TOUS EN COEUR POUR LE PATRIMOINE a pour but de regrouper un ensemble de choristes, r\u00e9unis pour le plaisir de chanter. L&#8217;association ont pour vocation de venir abonder les fonds n\u00e9cessaires \u00e0 la restauration du patrimoine local. La chorale TOUS EN COEUR POUR LE PATRIMOINE rassemble aujourd\u2019hui 32 choristes (dont 8 enfants) issus de &#8230; <a title=\"TOUS EN C\u0152UR POUR LE PATRIMOINE\" class=\"read-more\" href=\"https:\/\/bournan.fr\/?p=3893\" aria-label=\"En savoir plus sur TOUS EN C\u0152UR POUR LE PATRIMOINE\">Lire la suite<\/a><\/p>\n","protected":false},"author":1,"featured_media":0,"comment_status":"closed","ping_status":"closed","sticky":false,"template":"","format":"standard","meta":{"ngg_post_thumbnail":0,"_jetpack_memberships_contains_paid_content":false,"footnotes":""},"categories":[11,14,12],"tags":[],"class_list":["post-3893","post","type-post","status-publish","format-standard","hentry","category-associations","category-evenements","category-nouvelles"],"jetpack_sharing_enabled":true,"jetpack_featured_media_url":"","views":"","_links":{"self":[{"href":"https:\/\/bournan.fr\/index.php?rest_route=\/wp\/v2\/posts\/3893","targetHints":{"allow":["GET"]}}],"collection":[{"href":"https:\/\/bournan.fr\/index.php?rest_route=\/wp\/v2\/posts"}],"about":[{"href":"https:\/\/bournan.fr\/index.php?rest_route=\/wp\/v2\/types\/post"}],"author":[{"embeddable":true,"href":"https:\/\/bournan.fr\/index.php?rest_route=\/wp\/v2\/users\/1"}],"replies":[{"embeddable":true,"href":"https:\/\/bournan.fr\/index.php?rest_route=%2Fwp%2Fv2%2Fcomments&post=3893"}],"version-history":[{"count":1,"href":"https:\/\/bournan.fr\/index.php?rest_route=\/wp\/v2\/posts\/3893\/revisions"}],"predecessor-version":[{"id":3897,"href":"https:\/\/bournan.fr\/index.php?rest_route=\/wp\/v2\/posts\/3893\/revisions\/3897"}],"wp:attachment":[{"href":"https:\/\/bournan.fr\/index.php?rest_route=%2Fwp%2Fv2%2Fmedia&parent=3893"}],"wp:term":[{"taxonomy":"category","embeddable":true,"href":"https:\/\/bournan.fr\/index.php?rest_route=%2Fwp%2Fv2%2Fcategories&post=3893"},{"taxonomy":"post_tag","embeddable":true,"href":"https:\/\/bournan.fr\/index.php?rest_route=%2Fwp%2Fv2%2Ftags&post=3893"}],"curies":[{"name":"wp","href":"https:\/\/api.w.org\/{rel}","templated":true}]}}