{"id":5121,"date":"2025-12-20T12:03:46","date_gmt":"2025-12-20T11:03:46","guid":{"rendered":"https:\/\/bournan.fr\/?p=5121"},"modified":"2025-12-20T12:03:47","modified_gmt":"2025-12-20T11:03:47","slug":"convocations-et-avis-de-reunion-conseils-2025","status":"publish","type":"post","link":"https:\/\/bournan.fr\/?p=5121","title":{"rendered":"Convocations et avis de r\u00e9union conseils 2025"},"content":{"rendered":"\n<p><\/p>\n\n\n\n<div class=\"wp-block-columns is-layout-flex wp-container-core-columns-is-layout-9d6595d7 wp-block-columns-is-layout-flex\">\n<div class=\"wp-block-column is-layout-flow wp-block-column-is-layout-flow\">\n<pre class=\"wp-block-preformatted\"><strong>Convocation D\u00e9cembre 2025<\/strong><\/pre>\n\n\n\n<div data-wp-interactive=\"core\/file\" class=\"wp-block-file\"><object data-wp-bind--hidden=\"!state.hasPdfPreview\" hidden class=\"wp-block-file__embed\" data=\"https:\/\/bournan.fr\/wp-content\/uploads\/2025\/10\/2025-convoc-decembre-1.pdf\" type=\"application\/pdf\" style=\"width:100%;height:300px\" aria-label=\"Contenu embarqu\u00e9 2025 convoc decembre.\"><\/object><a id=\"wp-block-file--media-93f27739-6ce5-4fab-b0c4-3d7742de91bc\" href=\"https:\/\/bournan.fr\/wp-content\/uploads\/2025\/10\/2025-convoc-decembre-1.pdf\">2025 convoc decembre<\/a><a href=\"https:\/\/bournan.fr\/wp-content\/uploads\/2025\/10\/2025-convoc-decembre-1.pdf\" class=\"wp-block-file__button wp-element-button\" download aria-describedby=\"wp-block-file--media-93f27739-6ce5-4fab-b0c4-3d7742de91bc\">T\u00e9l\u00e9charger<\/a><\/div>\n<\/div>\n\n\n\n<div class=\"wp-block-column is-layout-flow wp-block-column-is-layout-flow\">\n<pre class=\"wp-block-preformatted\"><strong>Avis de r\u00e9union D\u00e9cembre 2025<\/strong><\/pre>\n\n\n\n<div data-wp-interactive=\"core\/file\" class=\"wp-block-file\"><object data-wp-bind--hidden=\"!state.hasPdfPreview\" hidden class=\"wp-block-file__embed\" data=\"https:\/\/bournan.fr\/wp-content\/uploads\/2025\/10\/2025-Avis-de-reunion-decembre.pdf\" type=\"application\/pdf\" style=\"width:100%;height:300px\" aria-label=\"Contenu embarqu\u00e9 2025 Avis de r\u00e9union d\u00e9cembre.\"><\/object><a id=\"wp-block-file--media-a8232ce2-f29e-4b82-9437-4295ed740635\" href=\"https:\/\/bournan.fr\/wp-content\/uploads\/2025\/10\/2025-Avis-de-reunion-decembre.pdf\">2025 Avis de r\u00e9union d\u00e9cembre<\/a><a href=\"https:\/\/bournan.fr\/wp-content\/uploads\/2025\/10\/2025-Avis-de-reunion-decembre.pdf\" class=\"wp-block-file__button wp-element-button\" download aria-describedby=\"wp-block-file--media-a8232ce2-f29e-4b82-9437-4295ed740635\">T\u00e9l\u00e9charger<\/a><\/div>\n<\/div>\n\n\n\n<div class=\"wp-block-column is-layout-flow wp-block-column-is-layout-flow\"><\/div>\n<\/div>\n\n\n\n<div class=\"wp-block-columns is-layout-flex wp-container-core-columns-is-layout-9d6595d7 wp-block-columns-is-layout-flex\">\n<div class=\"wp-block-column is-layout-flow wp-block-column-is-layout-flow\">\n<pre class=\"wp-block-preformatted\"><strong>Convocation Octobre 2025<\/strong><\/pre>\n\n\n\n<div data-wp-interactive=\"core\/file\" class=\"wp-block-file\"><object data-wp-bind--hidden=\"!state.hasPdfPreview\" hidden class=\"wp-block-file__embed\" data=\"https:\/\/bournan.fr\/wp-content\/uploads\/2025\/05\/2025-Convoc-Octobre.pdf\" type=\"application\/pdf\" style=\"width:100%;height:280px\" aria-label=\"Contenu embarqu\u00e9 2025 Convoc Octobre.\"><\/object><a id=\"wp-block-file--media-f0bc87fc-eb6b-48d2-b2ac-bc6cd2a239a4\" href=\"https:\/\/bournan.fr\/wp-content\/uploads\/2025\/05\/2025-Convoc-Octobre.pdf\">2025 Convoc Octobre<\/a><a href=\"https:\/\/bournan.fr\/wp-content\/uploads\/2025\/05\/2025-Convoc-Octobre.pdf\" class=\"wp-block-file__button wp-element-button\" download aria-describedby=\"wp-block-file--media-f0bc87fc-eb6b-48d2-b2ac-bc6cd2a239a4\">T\u00e9l\u00e9charger<\/a><\/div>\n<\/div>\n\n\n\n<div class=\"wp-block-column is-layout-flow wp-block-column-is-layout-flow\">\n<pre class=\"wp-block-preformatted\"><strong>Avis de r\u00e9union Octobre 2025<\/strong><\/pre>\n\n\n\n<div data-wp-interactive=\"core\/file\" class=\"wp-block-file\"><object data-wp-bind--hidden=\"!state.hasPdfPreview\" hidden class=\"wp-block-file__embed\" data=\"https:\/\/bournan.fr\/wp-content\/uploads\/2025\/05\/2025-Avis-de-reunion-Octobre.pdf\" type=\"application\/pdf\" style=\"width:100%;height:280px\" aria-label=\"Contenu embarqu\u00e9 2025 Avis de r\u00e9union Octobre.\"><\/object><a id=\"wp-block-file--media-d6f84584-fd6b-4442-ab60-2cdca33d7d42\" href=\"https:\/\/bournan.fr\/wp-content\/uploads\/2025\/05\/2025-Avis-de-reunion-Octobre.pdf\">2025 Avis de r\u00e9union Octobre<\/a><a href=\"https:\/\/bournan.fr\/wp-content\/uploads\/2025\/05\/2025-Avis-de-reunion-Octobre.pdf\" class=\"wp-block-file__button wp-element-button\" download aria-describedby=\"wp-block-file--media-d6f84584-fd6b-4442-ab60-2cdca33d7d42\">T\u00e9l\u00e9charger<\/a><\/div>\n<\/div>\n\n\n\n<div class=\"wp-block-column is-layout-flow wp-block-column-is-layout-flow\">\n<pre class=\"wp-block-preformatted\"><strong>Avis de r\u00e9union Novembre 2025<\/strong><\/pre>\n\n\n\n<div data-wp-interactive=\"core\/file\" class=\"wp-block-file\"><object data-wp-bind--hidden=\"!state.hasPdfPreview\" hidden class=\"wp-block-file__embed\" data=\"https:\/\/bournan.fr\/wp-content\/uploads\/2025\/10\/2025-Avis-de-reunion-Novembre.pdf\" type=\"application\/pdf\" style=\"width:100%;height:280px\" aria-label=\"Contenu embarqu\u00e9 2025 Avis de r\u00e9union Novembre.\"><\/object><a id=\"wp-block-file--media-6242c8b8-1c01-46fd-96d9-98b16f376721\" href=\"https:\/\/bournan.fr\/wp-content\/uploads\/2025\/10\/2025-Avis-de-reunion-Novembre.pdf\">2025 Avis de r\u00e9union Novembre<\/a><a href=\"https:\/\/bournan.fr\/wp-content\/uploads\/2025\/10\/2025-Avis-de-reunion-Novembre.pdf\" class=\"wp-block-file__button wp-element-button\" download aria-describedby=\"wp-block-file--media-6242c8b8-1c01-46fd-96d9-98b16f376721\">T\u00e9l\u00e9charger<\/a><\/div>\n<\/div>\n<\/div>\n\n\n\n<div class=\"wp-block-columns is-layout-flex wp-container-core-columns-is-layout-9d6595d7 wp-block-columns-is-layout-flex\">\n<div class=\"wp-block-column is-layout-flow wp-block-column-is-layout-flow\">\n<pre class=\"wp-block-preformatted\"><strong>Convocation Mai 2025<\/strong><\/pre>\n\n\n\n<div data-wp-interactive=\"core\/file\" class=\"wp-block-file\"><object data-wp-bind--hidden=\"!state.hasPdfPreview\" hidden class=\"wp-block-file__embed\" data=\"https:\/\/bournan.fr\/wp-content\/uploads\/2025\/02\/2025-convoc-Mai.pdf\" type=\"application\/pdf\" style=\"width:100%;height:270px\" aria-label=\"Contenu embarqu\u00e9 2025 convoc Mai.\"><\/object><a id=\"wp-block-file--media-ca6d1790-2d0f-4c7f-98fd-601502d592fd\" href=\"https:\/\/bournan.fr\/wp-content\/uploads\/2025\/02\/2025-convoc-Mai.pdf\">2025 convoc Mai<\/a><a href=\"https:\/\/bournan.fr\/wp-content\/uploads\/2025\/02\/2025-convoc-Mai.pdf\" class=\"wp-block-file__button wp-element-button\" download aria-describedby=\"wp-block-file--media-ca6d1790-2d0f-4c7f-98fd-601502d592fd\">T\u00e9l\u00e9charger<\/a><\/div>\n<\/div>\n\n\n\n<div class=\"wp-block-column is-layout-flow wp-block-column-is-layout-flow\">\n<pre class=\"wp-block-preformatted\"><strong>Avis de r\u00e9union Mai 2025<\/strong><\/pre>\n\n\n\n<div data-wp-interactive=\"core\/file\" class=\"wp-block-file\"><object data-wp-bind--hidden=\"!state.hasPdfPreview\" hidden class=\"wp-block-file__embed\" data=\"https:\/\/bournan.fr\/wp-content\/uploads\/2025\/02\/2025-Avis-de-reunion-Mai.pdf\" type=\"application\/pdf\" style=\"width:100%;height:270px\" aria-label=\"Contenu embarqu\u00e9 2025 Avis de r\u00e9union Mai.\"><\/object><a id=\"wp-block-file--media-50ac6d8a-3e2d-4d4c-b6c8-c4752293ae5e\" href=\"https:\/\/bournan.fr\/wp-content\/uploads\/2025\/02\/2025-Avis-de-reunion-Mai.pdf\">2025 Avis de r\u00e9union Mai<\/a><a href=\"https:\/\/bournan.fr\/wp-content\/uploads\/2025\/02\/2025-Avis-de-reunion-Mai.pdf\" class=\"wp-block-file__button wp-element-button\" download aria-describedby=\"wp-block-file--media-50ac6d8a-3e2d-4d4c-b6c8-c4752293ae5e\">T\u00e9l\u00e9charger<\/a><\/div>\n<\/div>\n\n\n\n<div class=\"wp-block-column is-layout-flow wp-block-column-is-layout-flow\">\n<pre class=\"wp-block-preformatted\"><strong>Convocation Juin 2025<\/strong><\/pre>\n\n\n\n<div data-wp-interactive=\"core\/file\" class=\"wp-block-file\"><object data-wp-bind--hidden=\"!state.hasPdfPreview\" hidden class=\"wp-block-file__embed\" data=\"https:\/\/bournan.fr\/wp-content\/uploads\/2025\/05\/2025-convoc-juin.pdf\" type=\"application\/pdf\" style=\"width:100%;height:270px\" aria-label=\"Contenu embarqu\u00e9 2025 convoc juin.\"><\/object><a id=\"wp-block-file--media-dcc2944f-9243-4932-837d-3c3aa06fd604\" href=\"https:\/\/bournan.fr\/wp-content\/uploads\/2025\/05\/2025-convoc-juin.pdf\">2025 convoc juin<\/a><a href=\"https:\/\/bournan.fr\/wp-content\/uploads\/2025\/05\/2025-convoc-juin.pdf\" class=\"wp-block-file__button wp-element-button\" download aria-describedby=\"wp-block-file--media-dcc2944f-9243-4932-837d-3c3aa06fd604\">T\u00e9l\u00e9charger<\/a><\/div>\n<\/div>\n<\/div>\n\n\n\n<div class=\"wp-block-columns is-layout-flex wp-container-core-columns-is-layout-9d6595d7 wp-block-columns-is-layout-flex\">\n<div class=\"wp-block-column is-layout-flow wp-block-column-is-layout-flow\">\n<pre class=\"wp-block-preformatted\"><strong>Convocation F\u00e9vrier 2025<\/strong><\/pre>\n\n\n\n<div data-wp-interactive=\"core\/file\" class=\"wp-block-file\"><object data-wp-bind--hidden=\"!state.hasPdfPreview\" hidden class=\"wp-block-file__embed\" data=\"https:\/\/bournan.fr\/wp-content\/uploads\/2025\/01\/2025-Convoc-Fevrier.pdf\" type=\"application\/pdf\" style=\"width:100%;height:290px\" aria-label=\"Contenu embarqu\u00e9 2025 Convoc F\u00e9vrier.\"><\/object><a id=\"wp-block-file--media-9547d83c-3253-4a3b-9295-6584d1152a7a\" href=\"https:\/\/bournan.fr\/wp-content\/uploads\/2025\/01\/2025-Convoc-Fevrier.pdf\">2025 Convoc F\u00e9vrier<\/a><a href=\"https:\/\/bournan.fr\/wp-content\/uploads\/2025\/01\/2025-Convoc-Fevrier.pdf\" class=\"wp-block-file__button wp-element-button\" download aria-describedby=\"wp-block-file--media-9547d83c-3253-4a3b-9295-6584d1152a7a\">T\u00e9l\u00e9charger<\/a><\/div>\n<\/div>\n\n\n\n<div class=\"wp-block-column is-layout-flow wp-block-column-is-layout-flow\">\n<pre class=\"wp-block-preformatted\"><strong>Avis de r\u00e9union Avril 2025<\/strong><\/pre>\n\n\n\n<div data-wp-interactive=\"core\/file\" class=\"wp-block-file\"><object data-wp-bind--hidden=\"!state.hasPdfPreview\" hidden class=\"wp-block-file__embed\" data=\"https:\/\/bournan.fr\/wp-content\/uploads\/2025\/02\/2025-Avis-de-reunion-Avril.pdf\" type=\"application\/pdf\" style=\"width:100%;height:290px\" aria-label=\"Contenu embarqu\u00e9 2025 Avis de r\u00e9union Avril.\"><\/object><a id=\"wp-block-file--media-53e1b458-2ee3-4ede-815f-3b8ca50100d4\" href=\"https:\/\/bournan.fr\/wp-content\/uploads\/2025\/02\/2025-Avis-de-reunion-Avril.pdf\">2025 Avis de r\u00e9union Avril<\/a><a href=\"https:\/\/bournan.fr\/wp-content\/uploads\/2025\/02\/2025-Avis-de-reunion-Avril.pdf\" class=\"wp-block-file__button wp-element-button\" download aria-describedby=\"wp-block-file--media-53e1b458-2ee3-4ede-815f-3b8ca50100d4\">T\u00e9l\u00e9charger<\/a><\/div>\n<\/div>\n\n\n\n<div class=\"wp-block-column is-layout-flow wp-block-column-is-layout-flow\">\n<pre class=\"wp-block-preformatted\"><strong>Convocation Avril 2025<\/strong><\/pre>\n\n\n\n<div data-wp-interactive=\"core\/file\" class=\"wp-block-file\"><object data-wp-bind--hidden=\"!state.hasPdfPreview\" hidden class=\"wp-block-file__embed\" data=\"https:\/\/bournan.fr\/wp-content\/uploads\/2025\/02\/2025-convoc-Avril.pdf\" type=\"application\/pdf\" style=\"width:100%;height:290px\" aria-label=\"Contenu embarqu\u00e9 2025 convoc Avril.\"><\/object><a id=\"wp-block-file--media-21fde8fa-d1a9-4d7e-9037-a028eea6db1d\" href=\"https:\/\/bournan.fr\/wp-content\/uploads\/2025\/02\/2025-convoc-Avril.pdf\">2025 convoc Avril<\/a><a href=\"https:\/\/bournan.fr\/wp-content\/uploads\/2025\/02\/2025-convoc-Avril.pdf\" class=\"wp-block-file__button wp-element-button\" download aria-describedby=\"wp-block-file--media-21fde8fa-d1a9-4d7e-9037-a028eea6db1d\">T\u00e9l\u00e9charger<\/a><\/div>\n<\/div>\n<\/div>\n\n\n\n<div class=\"wp-block-columns is-layout-flex wp-container-core-columns-is-layout-9d6595d7 wp-block-columns-is-layout-flex\">\n<div class=\"wp-block-column is-layout-flow wp-block-column-is-layout-flow\">\n<pre class=\"wp-block-preformatted\"><strong>Avis de r\u00e9union janvier <\/strong>2025<\/pre>\n\n\n\n<div data-wp-interactive=\"core\/file\" class=\"wp-block-file\"><object data-wp-bind--hidden=\"!state.hasPdfPreview\" hidden class=\"wp-block-file__embed\" data=\"https:\/\/bournan.fr\/wp-content\/uploads\/2025\/01\/2025-Avis-de-reunion-Janvier.pdf\" type=\"application\/pdf\" style=\"width:100%;height:280px\" aria-label=\"Contenu embarqu\u00e9 2025 Avis de r\u00e9union Janvier.\"><\/object><a id=\"wp-block-file--media-5e35f462-7a9a-4baf-a33a-e81112c909dd\" href=\"https:\/\/bournan.fr\/wp-content\/uploads\/2025\/01\/2025-Avis-de-reunion-Janvier.pdf\">2025 Avis de r\u00e9union Janvier<\/a><a href=\"https:\/\/bournan.fr\/wp-content\/uploads\/2025\/01\/2025-Avis-de-reunion-Janvier.pdf\" class=\"wp-block-file__button wp-element-button\" download aria-describedby=\"wp-block-file--media-5e35f462-7a9a-4baf-a33a-e81112c909dd\">T\u00e9l\u00e9charger<\/a><\/div>\n<\/div>\n\n\n\n<div class=\"wp-block-column is-layout-flow wp-block-column-is-layout-flow\">\n<pre class=\"wp-block-preformatted\"><strong>Convocation Janvier<\/strong> 2025<\/pre>\n\n\n\n<div data-wp-interactive=\"core\/file\" class=\"wp-block-file\"><object data-wp-bind--hidden=\"!state.hasPdfPreview\" hidden class=\"wp-block-file__embed\" data=\"https:\/\/bournan.fr\/wp-content\/uploads\/2025\/01\/2025-convoc-Janvier.pdf\" type=\"application\/pdf\" style=\"width:100%;height:280px\" aria-label=\"Contenu embarqu\u00e9 2025 convoc Janvier.\"><\/object><a id=\"wp-block-file--media-636cf04c-4733-4813-9647-8a573a2456d4\" href=\"https:\/\/bournan.fr\/wp-content\/uploads\/2025\/01\/2025-convoc-Janvier.pdf\">2025 convoc Janvier<\/a><a href=\"https:\/\/bournan.fr\/wp-content\/uploads\/2025\/01\/2025-convoc-Janvier.pdf\" class=\"wp-block-file__button wp-element-button\" download aria-describedby=\"wp-block-file--media-636cf04c-4733-4813-9647-8a573a2456d4\">T\u00e9l\u00e9charger<\/a><\/div>\n<\/div>\n\n\n\n<div class=\"wp-block-column is-layout-flow wp-block-column-is-layout-flow\">\n<pre class=\"wp-block-preformatted\"><strong>Avis de r\u00e9union F\u00e9vrier 2025<\/strong><\/pre>\n\n\n\n<div data-wp-interactive=\"core\/file\" class=\"wp-block-file\"><object data-wp-bind--hidden=\"!state.hasPdfPreview\" hidden class=\"wp-block-file__embed\" data=\"https:\/\/bournan.fr\/wp-content\/uploads\/2025\/01\/2025-Avis-de-reunion-Fevrier.pdf\" type=\"application\/pdf\" style=\"width:100%;height:280px\" aria-label=\"Contenu embarqu\u00e9 2025 Avis de r\u00e9union F\u00e9vrier.\"><\/object><a id=\"wp-block-file--media-73732ed7-78de-4dac-94b8-f5c9837c4767\" href=\"https:\/\/bournan.fr\/wp-content\/uploads\/2025\/01\/2025-Avis-de-reunion-Fevrier.pdf\">2025 Avis de r\u00e9union F\u00e9vrier<\/a><a href=\"https:\/\/bournan.fr\/wp-content\/uploads\/2025\/01\/2025-Avis-de-reunion-Fevrier.pdf\" class=\"wp-block-file__button wp-element-button\" download aria-describedby=\"wp-block-file--media-73732ed7-78de-4dac-94b8-f5c9837c4767\">T\u00e9l\u00e9charger<\/a><\/div>\n<\/div>\n<\/div>\n\n\n\n<p><\/p>\n","protected":false},"excerpt":{"rendered":"<p>Convocation D\u00e9cembre 2025 Avis de r\u00e9union D\u00e9cembre 2025 Convocation Octobre 2025 Avis de r\u00e9union Octobre 2025 Avis de r\u00e9union Novembre 2025 Convocation Mai 2025 Avis de r\u00e9union Mai 2025 Convocation Juin 2025 Convocation F\u00e9vrier 2025 Avis de r\u00e9union Avril 2025 Convocation Avril 2025 Avis de r\u00e9union janvier 2025 Convocation Janvier 2025 Avis de r\u00e9union F\u00e9vrier &#8230; <a title=\"Convocations et avis de r\u00e9union conseils 2025\" class=\"read-more\" href=\"https:\/\/bournan.fr\/?p=5121\" aria-label=\"En savoir plus sur Convocations et avis de r\u00e9union conseils 2025\">Lire la suite<\/a><\/p>\n","protected":false},"author":1,"featured_media":0,"comment_status":"open","ping_status":"open","sticky":false,"template":"","format":"standard","meta":{"ngg_post_thumbnail":0,"_jetpack_memberships_contains_paid_content":false,"footnotes":""},"categories":[5,18,14,12],"tags":[],"class_list":["post-5121","post","type-post","status-publish","format-standard","hentry","category-conseil-municipal","category-convocations-conseil","category-evenements","category-nouvelles"],"jetpack_sharing_enabled":true,"jetpack_featured_media_url":"","views":"","_links":{"self":[{"href":"https:\/\/bournan.fr\/index.php?rest_route=\/wp\/v2\/posts\/5121","targetHints":{"allow":["GET"]}}],"collection":[{"href":"https:\/\/bournan.fr\/index.php?rest_route=\/wp\/v2\/posts"}],"about":[{"href":"https:\/\/bournan.fr\/index.php?rest_route=\/wp\/v2\/types\/post"}],"author":[{"embeddable":true,"href":"https:\/\/bournan.fr\/index.php?rest_route=\/wp\/v2\/users\/1"}],"replies":[{"embeddable":true,"href":"https:\/\/bournan.fr\/index.php?rest_route=%2Fwp%2Fv2%2Fcomments&post=5121"}],"version-history":[{"count":9,"href":"https:\/\/bournan.fr\/index.php?rest_route=\/wp\/v2\/posts\/5121\/revisions"}],"predecessor-version":[{"id":6400,"href":"https:\/\/bournan.fr\/index.php?rest_route=\/wp\/v2\/posts\/5121\/revisions\/6400"}],"wp:attachment":[{"href":"https:\/\/bournan.fr\/index.php?rest_route=%2Fwp%2Fv2%2Fmedia&parent=5121"}],"wp:term":[{"taxonomy":"category","embeddable":true,"href":"https:\/\/bournan.fr\/index.php?rest_route=%2Fwp%2Fv2%2Fcategories&post=5121"},{"taxonomy":"post_tag","embeddable":true,"href":"https:\/\/bournan.fr\/index.php?rest_route=%2Fwp%2Fv2%2Ftags&post=5121"}],"curies":[{"name":"wp","href":"https:\/\/api.w.org\/{rel}","templated":true}]}}